[{"@context":"https:\/\/schema.org\/","@type":"Article","@id":"https:\/\/www.femax.cz\/na-dovolenou-do-bratislavy\/#Article","mainEntityOfPage":"https:\/\/www.femax.cz\/na-dovolenou-do-bratislavy\/","headline":"Na dovolenou do Bratislavy","name":"Na dovolenou do Bratislavy","description":"Bratislava, hlavn\u00ed m\u011bsto sousedn\u00edho Slovenska, je ide\u00e1ln\u00edm m\u00edstem pro str\u00e1ven\u00ed prodlou\u017een\u00e9ho v\u00edkendu. Nejen \u017ee se nach\u00e1z\u00ed, coby kamenem dohodil, ale m\u00e1 tak\u00e9 rozhodn\u011b co nab\u00eddnout. Bratislava, kter\u00e1 nen\u00ed p\u0159elidn\u011bn\u00e1 turisty, ve sv\u00e9m historick\u00e9m srdci skr\u00fdv\u00e1 \u0159ady pam\u011btihodnost\u00ed a velk\u00e9 mno\u017estv\u00ed \u00fatuln\u00fdch kav\u00e1ren a bister, kter\u00e9 rozhodn\u011b stoj\u00ed za n\u00e1v\u0161t\u011bvu.Na kdy si dovolenou nejl\u00e9pe...","datePublished":"2024-10-08","dateModified":"2024-10-08","author":{"@type":"Person","@id":"https:\/\/www.femax.cz\/author\/#Person","name":"","url":"https:\/\/www.femax.cz\/author\/","identifier":1,"image":{"@type":"ImageObject","@id":"https:\/\/secure.gravatar.com\/avatar\/04053961f5a3d2af1f56d865c7fc774bb6a80b9754b2f4c57fa4f8cefa253bd4?s=96&d=mm&r=g","url":"https:\/\/secure.gravatar.com\/avatar\/04053961f5a3d2af1f56d865c7fc774bb6a80b9754b2f4c57fa4f8cefa253bd4?s=96&d=mm&r=g","height":96,"width":96}},"publisher":{"@type":"Organization","name":"femax.cz","logo":{"@type":"ImageObject","@id":"\/logo.png","url":"\/logo.png","width":600,"height":60}},"image":{"@type":"ImageObject","@id":"https:\/\/www.femax.cz\/wp-content\/uploads\/img_a307375_w2430_t1518684624.jpg","url":"https:\/\/www.femax.cz\/wp-content\/uploads\/img_a307375_w2430_t1518684624.jpg","height":0,"width":0},"url":"https:\/\/www.femax.cz\/na-dovolenou-do-bratislavy\/","wordCount":395,"articleBody":"Bratislava, hlavn\u00ed m\u011bsto sousedn\u00edho Slovenska, je ide\u00e1ln\u00edm m\u00edstem pro str\u00e1ven\u00ed prodlou\u017een\u00e9ho v\u00edkendu. Nejen \u017ee se nach\u00e1z\u00ed, coby kamenem dohodil, ale m\u00e1 tak\u00e9 rozhodn\u011b co nab\u00eddnout. Bratislava, kter\u00e1 nen\u00ed p\u0159elidn\u011bn\u00e1 turisty, ve sv\u00e9m historick\u00e9m srdci skr\u00fdv\u00e1 \u0159ady pam\u011btihodnost\u00ed a velk\u00e9 mno\u017estv\u00ed \u00fatuln\u00fdch kav\u00e1ren a bister, kter\u00e9 rozhodn\u011b stoj\u00ed za n\u00e1v\u0161t\u011bvu.Na kdy si dovolenou nejl\u00e9pe napl\u00e1novat?V hlavn\u00edm m\u011bst\u011b Slovenska panuje, stejn\u011b jako v \u010cesk\u00e9 republice kontinent\u00e1ln\u00ed podneb\u00ed, a za n\u00e1v\u0161t\u011bvu tedy stoj\u00ed po cel\u00fd rok. V\u00a0prvn\u00edm m\u011bs\u00edci roku se zde kon\u00e1 vyhl\u00e1\u0161en\u00fd Bratislavsk\u00fd B\u00e1l, zat\u00edmco prvn\u00ed jarn\u00ed m\u011bs\u00edce se nesou v\u00a0duchu Velikonoc a tradi\u010dn\u00edch trh\u016f s\u00a0t\u00edmto sv\u00e1tkem spojen\u00fdch. Od kv\u011btna a\u017e do z\u00e1\u0159\u00ed je mo\u017en\u00e9 nav\u0161t\u00edvit festival v\u00edna. \u010cerven je m\u011bs\u00edcem pivn\u00edho festivalu, kter\u00fd je inspirov\u00e1n proslul\u00fdm mnichovsk\u00fdm Oktoberfestem. No a samoz\u0159ejm\u011b i Bratislava m\u00e1 sv\u00e9 v\u00e1no\u010dn\u00ed trhy, kter\u00e9 se ka\u017edoro\u010dn\u011b konaj\u00ed od konce listopadu do konce prosince.Co rozhodn\u011b nav\u0161t\u00edvit?\u00b7\u00a0\u00a0\u00a0\u00a0\u00a0\u00a0\u00a0\u00a0 Bratislavsk\u00fd hrad ty\u010d\u00edc\u00ed se nad Dunajem, kter\u00fd byl ve 20. Stolet\u00ed zrekonstruov\u00e1n po ni\u010div\u00e9m po\u017e\u00e1ru, kter\u00fd zde propukl v\u00a0roce 1811.\u00b7\u00a0\u00a0\u00a0\u00a0\u00a0\u00a0\u00a0\u00a0 Most SNP, tak\u00e9 zn\u00e1m\u00fd jako UFO, je nekompromisn\u011b povinnou zast\u00e1vkou p\u0159i prohl\u00eddce Bratislavy.\u00b7\u00a0\u00a0\u00a0\u00a0\u00a0\u00a0\u00a0\u00a0 Za n\u00e1v\u0161t\u011bvu stoj\u00ed Star\u00e9 M\u011bsto s\u00a0mno\u017estv\u00edm kostel\u016f a tak\u00e9 Slovensk\u00e1 n\u00e1rodn\u00ed galerie, kde jsou vystavov\u00e1ny \u0159ady v\u00fdzna\u010dn\u00fdch d\u011bl pro slovenskou historii.Kam na j\u00eddlo a na k\u00e1vu?\u00b7\u00a0\u00a0\u00a0\u00a0\u00a0\u00a0\u00a0\u00a0 Urban Bistro &#8211; Kombinace industri\u00e1ln\u00edho interi\u00e9ru, kvalitn\u00ed muziky a l\u00e1kav\u011b vyhl\u00ed\u017eej\u00edc\u00edho menu nikdy nezklame.\u00b7\u00a0\u00a0\u00a0\u00a0\u00a0\u00a0\u00a0\u00a0 Urban Space \u2013 Bistro skombinovan\u00e9 s\u00a0knihkupectv\u00edm se zd\u00e1 b\u00fdt v\u00a0Bratislav\u011b velk\u00fdm trendem a Urban Space je rozhodn\u011b m\u00edstem, kde chcete str\u00e1vit hodinku \u010di dv\u011b nad kn\u00ed\u017ekou a \u0161\u00e1lkem k\u00e1vy.\u00b7\u00a0\u00a0\u00a0\u00a0\u00a0\u00a0\u00a0\u00a0 Caf\u00e9 D\u00edas \u2013 Op\u011bt kombinace stylov\u00e9 kav\u00e1rny s\u00a0knihkupectv\u00edm. Za zm\u00ednku stoj\u00ed ur\u010dit\u011b jejich v\u00fdborn\u00e1 k\u00e1va.\u00b7\u00a0\u00a0\u00a0\u00a0\u00a0\u00a0\u00a0\u00a0 Mondieu \u2013 Kav\u00e1rna proslul\u00e1 p\u0159edev\u0161\u00edm sv\u00fdmi z\u00e1kusky a sn\u00edda\u0148ov\u00fdm menu, nad kter\u00fdm se sb\u00edhaj\u00ed sliny.                                                                                                                                                                                                                                                                                                                                                                                        4\/5 - (7 votes)        "},{"@context":"https:\/\/schema.org\/","@type":"BreadcrumbList","itemListElement":[{"@type":"ListItem","position":1,"name":"Na dovolenou do Bratislavy","item":"https:\/\/www.femax.cz\/na-dovolenou-do-bratislavy\/#breadcrumbitem"}]}]