[{"@context":"https:\/\/schema.org\/","@type":"Article","@id":"https:\/\/www.femax.cz\/za-krasu-bojujeme\/#Article","mainEntityOfPage":"https:\/\/www.femax.cz\/za-krasu-bojujeme\/","headline":"Za kr\u00e1su bojujeme","name":"Za kr\u00e1su bojujeme","description":"Co je pro v\u00e1s kr\u00e1sn\u00e9, nebo jak si vlastn\u011b p\u0159edstavujete kr\u00e1su? Ka\u017ed\u00fd kdo dostane tuhle ot\u00e1zku tak za\u010dne p\u0159em\u00fd\u0161let co vlastn\u011b tohle pro n\u011bho slovo znamen\u00e1 a hled\u00e1 kr\u00e1su. Kr\u00e1sn\u00e9 pro v\u00e1s m\u016f\u017ee b\u00fdt opravdu cokoliv. Jedn\u00e1 se t\u0159eba o auto, \u0161perky, oble\u010den\u00ed, n\u00e1bytek, barva, kytka, kterou jste dostali od va\u0161eho milovan\u00e9ho p\u0159\u00edtele....","datePublished":"2022-01-13","dateModified":"2023-05-01","author":{"@type":"Person","@id":"https:\/\/www.femax.cz\/author\/#Person","name":"","url":"https:\/\/www.femax.cz\/author\/","identifier":1,"image":{"@type":"ImageObject","@id":"https:\/\/secure.gravatar.com\/avatar\/04053961f5a3d2af1f56d865c7fc774bb6a80b9754b2f4c57fa4f8cefa253bd4?s=96&d=mm&r=g","url":"https:\/\/secure.gravatar.com\/avatar\/04053961f5a3d2af1f56d865c7fc774bb6a80b9754b2f4c57fa4f8cefa253bd4?s=96&d=mm&r=g","height":96,"width":96}},"publisher":{"@type":"Organization","name":"femax.cz","logo":{"@type":"ImageObject","@id":"\/logo.png","url":"\/logo.png","width":600,"height":60}},"image":{"@type":"ImageObject","@id":"https:\/\/www.femax.cz\/wp-content\/uploads\/205fd63dd6fa2c4006cef9833a9753ac.jpg","url":"https:\/\/www.femax.cz\/wp-content\/uploads\/205fd63dd6fa2c4006cef9833a9753ac.jpg","height":0,"width":0},"url":"https:\/\/www.femax.cz\/za-krasu-bojujeme\/","about":["Kr\u00e1sa"],"wordCount":471,"articleBody":"Co je pro v\u00e1s kr\u00e1sn\u00e9, nebo jak si vlastn\u011b p\u0159edstavujete kr\u00e1su? Ka\u017ed\u00fd kdo dostane tuhle ot\u00e1zku tak za\u010dne p\u0159em\u00fd\u0161let co vlastn\u011b tohle pro n\u011bho slovo znamen\u00e1 a hled\u00e1 kr\u00e1su. Kr\u00e1sn\u00e9 pro v\u00e1s m\u016f\u017ee b\u00fdt opravdu cokoliv. Jedn\u00e1 se t\u0159eba o auto, \u0161perky, oble\u010den\u00ed, n\u00e1bytek, barva, kytka, kterou jste dostali od va\u0161eho milovan\u00e9ho p\u0159\u00edtele. Kr\u00e1su vid\u00ed \u010dlov\u011bk jinak, nikdo j\u00ed nevid\u00ed tak jak vy. Proto\u017ee ka\u017ed\u00e9mu se p\u0159eci l\u00edb\u00ed n\u011bco jin\u00e9ho. M\u016f\u017ee b\u00fdt pro v\u00e1s kr\u00e1sn\u00fd d\u016fm, kter\u00fd jste si postavili a nebo byt, kter\u00fd je po rekonstrukci, kterou jste si d\u011blali sami. Kr\u00e1sn\u00fdch m\u016f\u017ee b\u00fdt spousty v\u011bc\u00ed, ale pak je tu kr\u00e1sa jako takov\u00e1.\u00a0Co si pod pojmem jako takov\u00e1 m\u00e1me p\u0159edstavit? Je to p\u0159eci kr\u00e1sa \u010dlov\u011bka. Spousta \u017een, mlad\u00fdch, star\u0161\u00edch koukaj\u00ed na svou kr\u00e1su. Ka\u017ed\u00e1 z n\u00e1s to ur\u010dit\u011b ji\u017e za\u017eila. Bu\u010f se sami sob\u011b l\u00edb\u00edme a nebo ne. Na kr\u00e1se n\u00e1m m\u016f\u017ee ubrat t\u0159eba nedostatek sp\u00e1nku, kde se n\u00e1m vytvo\u0159\u00ed kruhy pod o\u010dima, nebo kdy\u017e jsme unaven\u00e9 pod\u00edv\u00e1me se do zrcadla a sami vid\u00edme jak se n\u00e1m obli\u010dej m\u011bn\u00ed p\u0159ed o\u010dima. Kr\u00e1sa se m\u016f\u017ee taky podepsat na na\u0161em t\u011ble, kter\u00e9 \u017eeny \u010dasto pozoruj\u00ed.\u00a0T\u011bmihle ot\u00e1zkami a nerovnostmi v kr\u00e1sy pro\u017e\u00edvaj\u00ed i mu\u017ei. Mo\u017en\u00e1 se div\u00edte, ale i je tr\u00e1p\u00ed kruhy pod o\u010dima, nebo jejich t\u011blo. V\u0161ichni jsme sv\u00fdm zp\u016fsobem kr\u00e1sn\u00ed i s patrn\u00fdmi nedostatky. M\u011bly bychom se p\u0159ijmout a m\u00edt se r\u00e1di takov\u00fd jac\u00ed jsme. \u017deny t\u0159eba \u010dasto tr\u00e1p\u00ed v dosp\u00edv\u00e1n\u00ed akn\u00e9. Co si budeme vykl\u00e1dat, ne mnoho \u017een dostalo darem od p\u0159\u00edrody m\u00edt kr\u00e1snou ple\u0165. A pak jsou tady ty sle\u010dny, kter\u00e9 maj\u00ed s plet\u00ed opravdu probl\u00e9my a sna\u017e\u00ed se je zakr\u00fdt vrstvou make-upu. Co\u017e nen\u00ed p\u0159\u00edmo dobr\u00e9. Ale spousta \u017een se za tohle styd\u00ed a s t\u00edmhle nedostatkem se nedok\u00e1\u017e\u00ed sm\u00ed\u0159it. Jeliko\u017e je n\u00e1m \u017een\u00e1m st\u00e1le podsouv\u00e1no spousta reklam, fotek a j\u00e1 nev\u00edm co v\u0161eho a potom \u017eeny nad sebou v\u00e1haj\u00ed a ta prav\u00e1 kr\u00e1sa se jim ztr\u00e1c\u00ed.\u00a0Nikde nen\u00ed ps\u00e1no jak m\u00e1 b\u00fdt \u017eena kr\u00e1sn\u00e1? M\u011bjte na pam\u011bti, \u017ee kr\u00e1sa nen\u00ed nejd\u016fle\u017eit\u011bj\u0161\u00ed, ale taky to co m\u00e1te v hlav\u011b a v srdci. M\u011bjte se r\u00e1dy.\u00a0                                                                                                                                                                                                                                                                                                                                                                                        4.3\/5 - (10 votes)        "},{"@context":"https:\/\/schema.org\/","@type":"BreadcrumbList","itemListElement":[{"@type":"ListItem","position":1,"name":"Za kr\u00e1su bojujeme","item":"https:\/\/www.femax.cz\/za-krasu-bojujeme\/#breadcrumbitem"}]}]