[{"@context":"https:\/\/schema.org\/","@type":"Article","@id":"https:\/\/www.femax.cz\/zacatek-spolecneho-zivota\/#Article","mainEntityOfPage":"https:\/\/www.femax.cz\/zacatek-spolecneho-zivota\/","headline":"Za\u010d\u00e1tek spole\u010dn\u00e9ho \u017eivota","name":"Za\u010d\u00e1tek spole\u010dn\u00e9ho \u017eivota","description":"Pamatujete si na den a situaci, kdy jste se vy dva dali dohromady? Na takov\u00fd den se ur\u010dit\u011b ned\u00e1 zapomenout a mnohdy je spojen\u00fd i s \u00fasm\u011bvn\u00fdmi p\u0159\u00edb\u011bhy a vzpom\u00ednkami. A p\u0159esn\u011b tak m\u016f\u017ee za\u010d\u00edt i v\u00e1\u0161 spole\u010dn\u00fd \u017eivot. Pro\u010d neza\u017e\u00edt den, kdy si \u0159eknete svoje ano? Pro\u010d si neu\u017e\u00edt p\u0159\u00edpravy, se kter\u00fdmi...","datePublished":"2023-07-28","dateModified":"2023-07-28","author":{"@type":"Person","@id":"https:\/\/www.femax.cz\/author\/#Person","name":"","url":"https:\/\/www.femax.cz\/author\/","identifier":1,"image":{"@type":"ImageObject","@id":"https:\/\/secure.gravatar.com\/avatar\/04053961f5a3d2af1f56d865c7fc774bb6a80b9754b2f4c57fa4f8cefa253bd4?s=96&d=mm&r=g","url":"https:\/\/secure.gravatar.com\/avatar\/04053961f5a3d2af1f56d865c7fc774bb6a80b9754b2f4c57fa4f8cefa253bd4?s=96&d=mm&r=g","height":96,"width":96}},"publisher":{"@type":"Organization","name":"femax.cz","logo":{"@type":"ImageObject","@id":"\/logo.png","url":"\/logo.png","width":600,"height":60}},"url":"https:\/\/www.femax.cz\/zacatek-spolecneho-zivota\/","wordCount":258,"articleBody":"Pamatujete si na den a situaci, kdy jste se vy dva dali dohromady? Na takov\u00fd den se ur\u010dit\u011b ned\u00e1 zapomenout a mnohdy je spojen\u00fd i s \u00fasm\u011bvn\u00fdmi p\u0159\u00edb\u011bhy a vzpom\u00ednkami. A p\u0159esn\u011b tak m\u016f\u017ee za\u010d\u00edt i v\u00e1\u0161 spole\u010dn\u00fd \u017eivot. Pro\u010d neza\u017e\u00edt den, kdy si \u0159eknete svoje ano? Pro\u010d si neu\u017e\u00edt p\u0159\u00edpravy, se kter\u00fdmi souvis\u00ed i v\u00fdb\u011br svatebn\u00edho ozn\u00e1men\u00ed? Byla by \u0161koda, o tak kr\u00e1sn\u00e9 vzpom\u00ednky p\u0159ij\u00edt a ne\u0159\u00edct o va\u0161ich pl\u00e1nech a va\u0161\u00ed l\u00e1sce v\u0161em ostatn\u00edm. Vyberte si z mno\u017estv\u00ed origin\u00e1ln\u00edch variant, do kter\u00fdch se vep\u00ed\u0161ou va\u0161e jm\u00e9na a text, kter\u00fd mnoh\u00fdm v\u017eene slzy \u0161t\u011bst\u00ed a dojet\u00ed do o\u010d\u00ed.Na vzpom\u00ednk\u00e1ch z\u00e1le\u017e\u00edOdesl\u00e1n\u00edm svatebn\u00edho ozn\u00e1men\u00ed vyj\u00e1d\u0159\u00edte i jakousi \u00factu a souzn\u011bn\u00ed v\u0161em va\u0161im p\u0159\u00e1tel\u016fm, rodin\u011b a zn\u00e1m\u00fdm, kte\u0159\u00ed zajist\u00e9 na tuto po\u0161tu netrp\u011bliv\u011b \u010dekaj\u00ed. Hlavn\u011b babi\u010dky a d\u011bde\u010dkov\u00e9, kte\u0159\u00ed jsou hrd\u00ed na sv\u00e1 vnou\u010data a r\u00e1di by se je\u0161t\u011b do\u017eili va\u0161eho slavnostn\u00edho dne, kdy si v\u00e1s n\u011bkdo, kdo v\u00e1s miluje, povede k olt\u00e1\u0159i. Tak na pohled oby\u010dejn\u00e1 karti\u010dka a p\u0159itom dok\u00e1\u017ee ud\u011blat tolik radosti a zanechat tolik kr\u00e1sn\u00fdch vzpom\u00ednek. Vyberte si takov\u00e9, kter\u00e9 se vryje do v\u0161ech srdc\u00ed.                                                                                                                                                                                                                                                                                                                                                                                        3.5\/5 - (11 votes)        "},{"@context":"https:\/\/schema.org\/","@type":"BreadcrumbList","itemListElement":[{"@type":"ListItem","position":1,"name":"Za\u010d\u00e1tek spole\u010dn\u00e9ho \u017eivota","item":"https:\/\/www.femax.cz\/zacatek-spolecneho-zivota\/#breadcrumbitem"}]}]